{"id":1271,"date":"2021-05-10T14:02:50","date_gmt":"2021-05-10T12:02:50","guid":{"rendered":"https:\/\/www.lagencerie.fr\/bordeaux\/?p=1271"},"modified":"2021-05-11T16:16:48","modified_gmt":"2021-05-11T14:16:48","slug":"comment-utiliser-les-toits-en-ville-et-disposer-despaces-supplementaires%e2%80%89","status":"publish","type":"post","link":"https:\/\/www.lagencerie.fr\/bordeaux\/2021\/05\/10\/comment-utiliser-les-toits-en-ville-et-disposer-despaces-supplementaires%e2%80%89\/","title":{"rendered":"Comment utiliser les toits en ville et disposer d\u2019espaces suppl\u00e9mentaires\u2009?"},"content":{"rendered":"<div id=\"bsf_rt_marker\"><\/div><p>[et_pb_section fb_built=&nbsp;&raquo;1&Prime; _builder_version=&nbsp;&raquo;4.9.3&Prime; _module_preset=&nbsp;&raquo;default&nbsp;&raquo; background_color=&nbsp;&raquo;RGBA(0,0,0,0)&nbsp;&raquo; custom_margin=&nbsp;&raquo;50px|0px|0px|0px|false|false&nbsp;&raquo; custom_padding=&nbsp;&raquo;0px|0px|0px|0px|false|false&nbsp;&raquo;][et_pb_row _builder_version=&nbsp;&raquo;4.9.3&Prime; _module_preset=&nbsp;&raquo;default&nbsp;&raquo; background_color=&nbsp;&raquo;#003A5D&nbsp;&raquo; custom_margin=&nbsp;&raquo;0px||0px||false|false&nbsp;&raquo; custom_padding=&nbsp;&raquo;0px||0px||false|false&nbsp;&raquo;][et_pb_column type=&nbsp;&raquo;4_4&Prime; _builder_version=&nbsp;&raquo;4.9.3&Prime; _module_preset=&nbsp;&raquo;default&nbsp;&raquo;][et_pb_text _builder_version=&nbsp;&raquo;4.9.4&Prime; _module_preset=&nbsp;&raquo;default&nbsp;&raquo; text_text_color=&nbsp;&raquo;#FFFFFF&nbsp;&raquo; text_orientation=&nbsp;&raquo;center&nbsp;&raquo; custom_margin=&nbsp;&raquo;0px||0px||false|false&nbsp;&raquo; custom_padding=&nbsp;&raquo;40px|50px|30px|50px|false|true&nbsp;&raquo; custom_padding_tablet=&nbsp;&raquo;&nbsp;&raquo; custom_padding_phone=&nbsp;&raquo;|30px||30px|false|true&nbsp;&raquo; custom_padding_last_edited=&nbsp;&raquo;on|phone&nbsp;&raquo;]<\/p>\n<p>Dans de nombreuses grandes villes comme Bordeaux, les toits plats repr&eacute;sentent une bonne part de la superficie inexploit&eacute;e des b&acirc;timents. Les propri&eacute;taires peuvent chercher &agrave; utiliser cette surface de vie suppl&eacute;mentaire. Afin de vous accompagner au mieux, L&rsquo;agencerie, votre <a href=\"https:\/\/www.lagencerie.fr\/\">r&eacute;seau d&rsquo;agences immobili&egrave;res<\/a> vous pr&eacute;sente ses meilleurs conseils.<\/p>\n<p>[\/et_pb_text][\/et_pb_column][\/et_pb_row][\/et_pb_section][et_pb_section fb_built=&nbsp;&raquo;1&Prime; _builder_version=&nbsp;&raquo;4.9.3&Prime; _module_preset=&nbsp;&raquo;default&nbsp;&raquo; background_color=&nbsp;&raquo;RGBA(0,0,0,0)&nbsp;&raquo; custom_margin=&nbsp;&raquo;0px||0px||false|false&nbsp;&raquo; custom_padding=&nbsp;&raquo;0px||0px||false|false&nbsp;&raquo;][et_pb_row _builder_version=&nbsp;&raquo;4.9.3&Prime; _module_preset=&nbsp;&raquo;default&nbsp;&raquo; custom_margin=&nbsp;&raquo;||0px||false|false&nbsp;&raquo; custom_padding=&nbsp;&raquo;||0px||false|false&nbsp;&raquo;][et_pb_column type=&nbsp;&raquo;4_4&Prime; _builder_version=&nbsp;&raquo;4.9.3&Prime; _module_preset=&nbsp;&raquo;default&nbsp;&raquo;][et_pb_text content_tablet=&nbsp;&raquo;<\/p>\n<h2>CONFIEZ LA GESTION LOCATIVE<br>\nDE VOTRE BIEN &Agrave; UN PROFESSIONNEL<\/h2>\n<p>&nbsp;&raquo; content_phone=&nbsp;&raquo;<\/p>\n<h2>CONFIEZ LA GESTION LOCATIVE<br>\nDE VOTRE BIEN &Agrave; UN PROFESSIONNEL<\/h2>\n<p>&nbsp;&raquo; content_last_edited=&nbsp;&raquo;off|desktop&nbsp;&raquo; _builder_version=&nbsp;&raquo;4.9.4&Prime; _module_preset=&nbsp;&raquo;f8a905d0-9b7b-4de3-b086-c837e1334a17&Prime; text_text_color=&nbsp;&raquo;#d9ac6d&nbsp;&raquo; text_font_size=&nbsp;&raquo;22px&nbsp;&raquo; text_line_height=&nbsp;&raquo;0em&nbsp;&raquo; header_font=&nbsp;&raquo;|700||on|||||&nbsp;&raquo; header_text_align=&nbsp;&raquo;center&nbsp;&raquo; header_text_color=&nbsp;&raquo;#003a5d&nbsp;&raquo; header_font_size=&nbsp;&raquo;32px&nbsp;&raquo; header_2_font=&nbsp;&raquo;Barlow|600||on|||||&nbsp;&raquo; header_2_text_align=&nbsp;&raquo;left&nbsp;&raquo; header_2_text_color=&nbsp;&raquo;#003a5d&nbsp;&raquo; header_2_font_size=&nbsp;&raquo;25px&nbsp;&raquo; header_3_font=&nbsp;&raquo;Encode Sans Condensed|700||on|||||&nbsp;&raquo; header_3_text_align=&nbsp;&raquo;left&nbsp;&raquo; header_3_text_color=&nbsp;&raquo;#d9ac6d&nbsp;&raquo; header_3_font_size=&nbsp;&raquo;18px&nbsp;&raquo; text_orientation=&nbsp;&raquo;center&nbsp;&raquo; custom_margin=&nbsp;&raquo;20px||15px||false|false&nbsp;&raquo; custom_margin_tablet=&nbsp;&raquo;&nbsp;&raquo; custom_margin_phone=&nbsp;&raquo;10px||15px||false|false&nbsp;&raquo; custom_margin_last_edited=&nbsp;&raquo;on|phone&nbsp;&raquo; header_2_text_align_tablet=&nbsp;&raquo;left&nbsp;&raquo; header_2_text_align_phone=&nbsp;&raquo;&nbsp;&raquo; header_2_text_align_last_edited=&nbsp;&raquo;on|phone&nbsp;&raquo; header_2_font_size_tablet=&nbsp;&raquo;&nbsp;&raquo; header_2_font_size_phone=&nbsp;&raquo;19px&nbsp;&raquo; header_2_font_size_last_edited=&nbsp;&raquo;on|phone&nbsp;&raquo; header_3_text_align_tablet=&nbsp;&raquo;center&nbsp;&raquo; header_3_text_align_phone=&nbsp;&raquo;&nbsp;&raquo; header_3_text_align_last_edited=&nbsp;&raquo;on|phone&nbsp;&raquo;]<\/p>\n<h2>Comment am&eacute;nager son toit-terrasse&thinsp;?<\/h2>\n<p>[\/et_pb_text][et_pb_text content_tablet=&nbsp;&raquo;Estimation de la valeur locative de votre bien, recherche de locataire, r&eacute;daction des documents juridiques, mise en valeur du bien, s&eacute;lection et gestion du locataire, respect des dispositions l&eacute;gales&hellip; Les missions &agrave; remplir lorsque l&rsquo;on est bailleur sont nombreuses et complexes. Entourez-vous d&rsquo;acteurs de confiance pour s&eacute;curiser votre patrimoine&thinsp;!&nbsp;&raquo; content_phone=&nbsp;&raquo;Estimation de la valeur locative de votre bien, recherche de locataire, r&eacute;daction des documents juridiques, mise en valeur du bien, s&eacute;lection et gestion du locataire, respect des dispositions l&eacute;gales&hellip; Les missions &agrave; remplir lorsque l&rsquo;on est bailleur sont nombreuses et complexes. Entourez-vous d&rsquo;acteurs de confiance pour s&eacute;curiser votre patrimoine&thinsp;!&nbsp;&raquo; content_last_edited=&nbsp;&raquo;off|desktop&nbsp;&raquo; _builder_version=&nbsp;&raquo;4.9.4&Prime; _module_preset=&nbsp;&raquo;default&nbsp;&raquo; text_font=&nbsp;&raquo;Barlow|300|||||||&nbsp;&raquo; text_text_color=&nbsp;&raquo;#707070&Prime; text_font_size=&nbsp;&raquo;16px&nbsp;&raquo; text_line_height=&nbsp;&raquo;20px&nbsp;&raquo; text_orientation=&nbsp;&raquo;justified&nbsp;&raquo; custom_margin_tablet=&nbsp;&raquo;&nbsp;&raquo; custom_margin_phone=&nbsp;&raquo;||0px||false|false&nbsp;&raquo; custom_margin_last_edited=&nbsp;&raquo;on|phone&nbsp;&raquo; custom_padding=&nbsp;&raquo;||15px||false|false&nbsp;&raquo; custom_padding_tablet=&nbsp;&raquo;&nbsp;&raquo; custom_padding_phone=&nbsp;&raquo;||0px||false|false&nbsp;&raquo; custom_padding_last_edited=&nbsp;&raquo;on|phone&nbsp;&raquo; text_orientation_tablet=&nbsp;&raquo;justified&nbsp;&raquo; text_orientation_phone=&nbsp;&raquo;justified&nbsp;&raquo; text_orientation_last_edited=&nbsp;&raquo;on|phone&nbsp;&raquo;]<\/p>\n<p>Les propri&eacute;taires d&rsquo;un toit-terrasse peuvent profiter de ce lieu de vie ext&eacute;rieur privil&eacute;gi&eacute;, en l&rsquo;am&eacute;nageant &agrave; l&rsquo;instar d&rsquo;un jardin-terrasse. Une fois l&rsquo;autorisation d&rsquo;am&eacute;nagement en main, on peut y faire installer un salon de jardin sur une surface pr&eacute;alablement pr&eacute;par&eacute;e.<\/p>\n<div class=\"internal-linking-related-contents-pro\"><a href=\"https:\/\/www.lagencerie.fr\/bordeaux\/2023\/08\/10\/est-ce-le-moment-de-vendre-son-bien-immobilier-en-2023\/\" class=\"template-5\" style=\"background-image:url(https:\/\/www.lagencerie.fr\/bordeaux\/wp-content\/uploads\/sites\/2\/2023\/08\/immobilier-tendance-2023-agc.jpg)\"><div class=\"postTitle\"><span><strong>D&eacute;couvrir :<\/strong>Est-ce le moment de vendre son bien immobilier en 2023 ?<\/span><\/div><\/a><\/div><p>Apr&egrave;s avoir effectu&eacute; le travail d&rsquo;&eacute;tanch&eacute;it&eacute;, il conviendra de choisir les mat&eacute;riaux pour couvrir le sol. L&rsquo;offre en la mati&egrave;re est vari&eacute;e : carreaux aspect bois, pierre naturelle, etc.<\/p>\n<p>La terrasse sur le toit pourra recevoir des plantes ou des murs v&eacute;g&eacute;taux pour &eacute;viter le vis-&agrave;-vis. Naturellement, faire pousser des fleurs, des petits arbres et des plantes de toutes sortes est possible &agrave; condition que la structure le permette.<\/p>\n<p>[\/et_pb_text][\/et_pb_column][\/et_pb_row][\/et_pb_section][et_pb_section fb_built=&nbsp;&raquo;1&Prime; _builder_version=&nbsp;&raquo;4.9.3&Prime; _module_preset=&nbsp;&raquo;default&nbsp;&raquo; background_color=&nbsp;&raquo;RGBA(0,0,0,0)&nbsp;&raquo; custom_margin=&nbsp;&raquo;0px||0px||false|false&nbsp;&raquo; custom_padding=&nbsp;&raquo;0px||0px||false|false&nbsp;&raquo;][et_pb_row column_structure=&nbsp;&raquo;1_2,1_2&Prime; use_custom_gutter=&nbsp;&raquo;on&nbsp;&raquo; gutter_width=&nbsp;&raquo;4&Prime; _builder_version=&nbsp;&raquo;4.9.3&Prime; _module_preset=&nbsp;&raquo;default&nbsp;&raquo; custom_margin=&nbsp;&raquo;||0px||false|false&nbsp;&raquo; custom_padding=&nbsp;&raquo;||0px||false|false&nbsp;&raquo;][et_pb_column type=&nbsp;&raquo;1_2&Prime; _builder_version=&nbsp;&raquo;4.9.3&Prime; _module_preset=&nbsp;&raquo;default&nbsp;&raquo;][et_pb_text content_tablet=&nbsp;&raquo;<img class=\"%22wp-image-1147\" size-full aligncenter style=\"%22padding-bottom:\" src=\"%22https:\/\/www.lagencerie.fr\/bordeaux\/wp-content\/uploads\/sites\/2\/2021\/03\/icone-agencerie-albi-toulouse-bordeaux-2.png%22\" alt=\"%22%22\" width=\"%2260%22\" height=\"%2260%22\"><\/p>\n<h3 style=\"%22text-align:\" center>Un toit de verdure isolant<\/h3>\n<p>&nbsp;&raquo; content_phone=&nbsp;&raquo;<img class=\"%22wp-image-1147\" size-full aligncenter style=\"%22padding-bottom:\" src=\"%22https:\/\/www.lagencerie.fr\/bordeaux\/wp-content\/uploads\/sites\/2\/2021\/03\/icone-agencerie-albi-toulouse-bordeaux-2.png%22\" alt=\"%22%22\" width=\"%2260%22\" height=\"%2260%22\"><\/p>\n<h3 style=\"%22text-align:\" center>Un toit de verdure isolant<\/h3>\n<p>&nbsp;&raquo; content_last_edited=&nbsp;&raquo;on|desktop&nbsp;&raquo; _builder_version=&nbsp;&raquo;4.9.3&Prime; _module_preset=&nbsp;&raquo;f8a905d0-9b7b-4de3-b086-c837e1334a17&Prime; text_text_color=&nbsp;&raquo;#d9ac6d&nbsp;&raquo; text_font_size=&nbsp;&raquo;22px&nbsp;&raquo; text_line_height=&nbsp;&raquo;0em&nbsp;&raquo; header_font=&nbsp;&raquo;|700||on|||||&nbsp;&raquo; header_text_align=&nbsp;&raquo;center&nbsp;&raquo; header_text_color=&nbsp;&raquo;#003a5d&nbsp;&raquo; header_font_size=&nbsp;&raquo;32px&nbsp;&raquo; header_2_font=&nbsp;&raquo;Barlow|600||on|||||&nbsp;&raquo; header_2_text_align=&nbsp;&raquo;left&nbsp;&raquo; header_2_text_color=&nbsp;&raquo;#003a5d&nbsp;&raquo; header_2_font_size=&nbsp;&raquo;25px&nbsp;&raquo; header_3_font=&nbsp;&raquo;Encode Sans Expanded|700||on|||||&nbsp;&raquo; header_3_text_align=&nbsp;&raquo;left&nbsp;&raquo; header_3_text_color=&nbsp;&raquo;#D9AC6D&nbsp;&raquo; header_3_font_size=&nbsp;&raquo;18px&nbsp;&raquo; text_orientation=&nbsp;&raquo;center&nbsp;&raquo; custom_margin=&nbsp;&raquo;20px||15px||false|false&nbsp;&raquo; custom_margin_tablet=&nbsp;&raquo;&nbsp;&raquo; custom_margin_phone=&nbsp;&raquo;10px||15px||false|false&nbsp;&raquo; custom_margin_last_edited=&nbsp;&raquo;on|phone&nbsp;&raquo; header_2_text_align_tablet=&nbsp;&raquo;center&nbsp;&raquo; header_2_text_align_phone=&nbsp;&raquo;&nbsp;&raquo; header_2_text_align_last_edited=&nbsp;&raquo;on|desktop&nbsp;&raquo; header_2_font_size_tablet=&nbsp;&raquo;&nbsp;&raquo; header_2_font_size_phone=&nbsp;&raquo;19px&nbsp;&raquo; header_2_font_size_last_edited=&nbsp;&raquo;on|phone&nbsp;&raquo; header_3_text_align_tablet=&nbsp;&raquo;center&nbsp;&raquo; header_3_text_align_phone=&nbsp;&raquo;&nbsp;&raquo; header_3_text_align_last_edited=&nbsp;&raquo;on|phone&nbsp;&raquo; header_3_font_size_tablet=&nbsp;&raquo;&nbsp;&raquo; header_3_font_size_phone=&nbsp;&raquo;15px&nbsp;&raquo; header_3_font_size_last_edited=&nbsp;&raquo;on|phone&nbsp;&raquo;]<\/p>\n<p><img loading=\"lazy\" decoding=\"async\" class=\"wp-image-1147 size-full aligncenter\" style=\"padding-bottom: 15px;\" src=\"https:\/\/www.lagencerie.fr\/bordeaux\/wp-content\/uploads\/sites\/2\/2021\/03\/icone-agencerie-albi-toulouse-bordeaux-2.png\" alt=\"\" width=\"60\" height=\"60\"><\/p>\n<h3 style=\"text-align: center;\">Un toit de verdure isolant<\/h3>\n<p>[\/et_pb_text][et_pb_text content_tablet=&nbsp;&raquo;Estimation de la valeur locative de votre bien, recherche de locataire, r&eacute;daction des documents juridiques, mise en valeur du bien, s&eacute;lection et gestion du locataire, respect des dispositions l&eacute;gales&hellip; Les missions &agrave; remplir lorsque l&rsquo;on est bailleur sont nombreuses et complexes. Entourez-vous d&rsquo;acteurs de confiance pour s&eacute;curiser votre patrimoine&thinsp;!&nbsp;&raquo; content_phone=&nbsp;&raquo;Estimation de la valeur locative de votre bien, recherche de locataire, r&eacute;daction des documents juridiques, mise en valeur du bien, s&eacute;lection et gestion du locataire, respect des dispositions l&eacute;gales&hellip; Les missions &agrave; remplir lorsque l&rsquo;on est bailleur sont nombreuses et complexes. Entourez-vous d&rsquo;acteurs de confiance pour s&eacute;curiser votre patrimoine&thinsp;!&nbsp;&raquo; content_last_edited=&nbsp;&raquo;off|desktop&nbsp;&raquo; _builder_version=&nbsp;&raquo;4.9.3&Prime; _module_preset=&nbsp;&raquo;default&nbsp;&raquo; text_font=&nbsp;&raquo;Barlow|300|||||||&nbsp;&raquo; text_text_color=&nbsp;&raquo;#707070&Prime; text_font_size=&nbsp;&raquo;16px&nbsp;&raquo; text_line_height=&nbsp;&raquo;20px&nbsp;&raquo; text_orientation=&nbsp;&raquo;justified&nbsp;&raquo; custom_margin_tablet=&nbsp;&raquo;&nbsp;&raquo; custom_margin_phone=&nbsp;&raquo;||0px||false|false&nbsp;&raquo; custom_margin_last_edited=&nbsp;&raquo;on|phone&nbsp;&raquo; custom_padding=&nbsp;&raquo;||15px||false|false&nbsp;&raquo; custom_padding_tablet=&nbsp;&raquo;&nbsp;&raquo; custom_padding_phone=&nbsp;&raquo;||0px||false|false&nbsp;&raquo; custom_padding_last_edited=&nbsp;&raquo;on|phone&nbsp;&raquo; text_orientation_tablet=&nbsp;&raquo;center&nbsp;&raquo; text_orientation_phone=&nbsp;&raquo;center&nbsp;&raquo; text_orientation_last_edited=&nbsp;&raquo;on|phone&nbsp;&raquo;]<\/p>\n<div class=\"internal-linking-related-contents-pro\"><a href=\"https:\/\/www.lagencerie.fr\/bordeaux\/2023\/03\/25\/diagnostics-immobiliers-obligatoires-vente\/\" class=\"template-5\" style=\"background-image:url(https:\/\/www.lagencerie.fr\/bordeaux\/wp-content\/uploads\/sites\/2\/2023\/03\/diagnostics-immobiliers-obligatoires.jpg)\"><div class=\"postTitle\"><span><strong>D&eacute;couvrir :<\/strong>Les diagnostics immobiliers obligatoires pour une vente : ce qui change en 2023<\/span><\/div><\/a><\/div><p style=\"text-align: justify;\">Si vous d&eacute;cidez de ne pas am&eacute;nager votre toit-terrasse, surtout si son acc&egrave;s est difficile, sachez que vous pouvez en faire un autre usage : un jardin sur le toit.<\/p>\n<p>En optant pour un toit v&eacute;g&eacute;talis&eacute;, on peut en effet am&eacute;liorer l&rsquo;isolation thermique d&rsquo;un immeuble. Des &eacute;t&eacute;s moins chauds, des hivers moins &eacute;nergivores (un geste pour la plan&egrave;te, puisqu&rsquo;on vit sous le m&ecirc;me toit), c&rsquo;est possible avec une v&eacute;g&eacute;tation sur le toit, toujours en tenant compte des diff&eacute;rentes contraintes techniques (&eacute;vacuation des eaux, poids structurel, etc.).<\/p>\n<p>[\/et_pb_text][\/et_pb_column][et_pb_column type=&nbsp;&raquo;1_2&Prime; _builder_version=&nbsp;&raquo;4.9.3&Prime; _module_preset=&nbsp;&raquo;default&nbsp;&raquo;][et_pb_text content_tablet=&nbsp;&raquo;<img class=\"%22wp-image-1147\" size-full aligncenter style=\"%22padding-bottom:\" src=\"%22https:\/\/www.lagencerie.fr\/bordeaux\/wp-content\/uploads\/sites\/2\/2021\/03\/icone-agencerie-albi-toulouse-bordeaux-2.png%22\" alt=\"%22%22\" width=\"%2260%22\" height=\"%2260%22\"><\/p>\n<h3 style=\"%22text-align:\" center>Installer des panneaux solaires ou des ruches sur le toit <\/h3>\n<p>&nbsp;&raquo; content_phone=&nbsp;&raquo;<img class=\"%22wp-image-1147\" size-full aligncenter style=\"%22padding-bottom:\" src=\"%22https:\/\/www.lagencerie.fr\/bordeaux\/wp-content\/uploads\/sites\/2\/2021\/03\/icone-agencerie-albi-toulouse-bordeaux-2.png%22\" alt=\"%22%22\" width=\"%2260%22\" height=\"%2260%22\"><\/p>\n<h3 style=\"%22text-align:\" center>Installer des panneaux solaires ou des ruches sur le toit <\/h3>\n<p>&nbsp;&raquo; content_last_edited=&nbsp;&raquo;on|desktop&nbsp;&raquo; _builder_version=&nbsp;&raquo;4.9.3&Prime; _module_preset=&nbsp;&raquo;f8a905d0-9b7b-4de3-b086-c837e1334a17&Prime; text_text_color=&nbsp;&raquo;#d9ac6d&nbsp;&raquo; text_font_size=&nbsp;&raquo;22px&nbsp;&raquo; text_line_height=&nbsp;&raquo;0em&nbsp;&raquo; header_font=&nbsp;&raquo;|700||on|||||&nbsp;&raquo; header_text_align=&nbsp;&raquo;center&nbsp;&raquo; header_text_color=&nbsp;&raquo;#003a5d&nbsp;&raquo; header_font_size=&nbsp;&raquo;32px&nbsp;&raquo; header_2_font=&nbsp;&raquo;Barlow|600||on|||||&nbsp;&raquo; header_2_text_align=&nbsp;&raquo;left&nbsp;&raquo; header_2_text_color=&nbsp;&raquo;#003a5d&nbsp;&raquo; header_2_font_size=&nbsp;&raquo;25px&nbsp;&raquo; header_3_font=&nbsp;&raquo;Encode Sans Expanded|700||on|||||&nbsp;&raquo; header_3_text_align=&nbsp;&raquo;left&nbsp;&raquo; header_3_text_color=&nbsp;&raquo;#D9AC6D&nbsp;&raquo; header_3_font_size=&nbsp;&raquo;18px&nbsp;&raquo; text_orientation=&nbsp;&raquo;center&nbsp;&raquo; custom_margin=&nbsp;&raquo;20px||15px||false|false&nbsp;&raquo; custom_margin_tablet=&nbsp;&raquo;&nbsp;&raquo; custom_margin_phone=&nbsp;&raquo;10px||15px||false|false&nbsp;&raquo; custom_margin_last_edited=&nbsp;&raquo;on|phone&nbsp;&raquo; header_2_text_align_tablet=&nbsp;&raquo;center&nbsp;&raquo; header_2_text_align_phone=&nbsp;&raquo;&nbsp;&raquo; header_2_text_align_last_edited=&nbsp;&raquo;on|desktop&nbsp;&raquo; header_2_font_size_tablet=&nbsp;&raquo;&nbsp;&raquo; header_2_font_size_phone=&nbsp;&raquo;19px&nbsp;&raquo; header_2_font_size_last_edited=&nbsp;&raquo;on|phone&nbsp;&raquo; header_3_text_align_tablet=&nbsp;&raquo;center&nbsp;&raquo; header_3_text_align_phone=&nbsp;&raquo;&nbsp;&raquo; header_3_text_align_last_edited=&nbsp;&raquo;on|phone&nbsp;&raquo; header_3_font_size_tablet=&nbsp;&raquo;&nbsp;&raquo; header_3_font_size_phone=&nbsp;&raquo;15px&nbsp;&raquo; header_3_font_size_last_edited=&nbsp;&raquo;on|phone&nbsp;&raquo;]<\/p>\n<p><img loading=\"lazy\" decoding=\"async\" class=\"wp-image-1147 size-full aligncenter\" style=\"padding-bottom: 15px;\" src=\"https:\/\/www.lagencerie.fr\/bordeaux\/wp-content\/uploads\/sites\/2\/2021\/03\/icone-agencerie-albi-toulouse-bordeaux-2.png\" alt=\"\" width=\"60\" height=\"60\"><\/p>\n<h3 style=\"text-align: center;\">Installer des panneaux solaires ou des ruches sur le toit<\/h3>\n<p>[\/et_pb_text][et_pb_text content_tablet=&nbsp;&raquo;Estimation de la valeur locative de votre bien, recherche de locataire, r&eacute;daction des documents juridiques, mise en valeur du bien, s&eacute;lection et gestion du locataire, respect des dispositions l&eacute;gales&hellip; Les missions &agrave; remplir lorsque l&rsquo;on est bailleur sont nombreuses et complexes. Entourez-vous d&rsquo;acteurs de confiance pour s&eacute;curiser votre patrimoine&thinsp;!&nbsp;&raquo; content_phone=&nbsp;&raquo;Estimation de la valeur locative de votre bien, recherche de locataire, r&eacute;daction des documents juridiques, mise en valeur du bien, s&eacute;lection et gestion du locataire, respect des dispositions l&eacute;gales&hellip; Les missions &agrave; remplir lorsque l&rsquo;on est bailleur sont nombreuses et complexes. Entourez-vous d&rsquo;acteurs de confiance pour s&eacute;curiser votre patrimoine&thinsp;!&nbsp;&raquo; content_last_edited=&nbsp;&raquo;off|desktop&nbsp;&raquo; _builder_version=&nbsp;&raquo;4.9.3&Prime; _module_preset=&nbsp;&raquo;default&nbsp;&raquo; text_font=&nbsp;&raquo;Barlow|300|||||||&nbsp;&raquo; text_text_color=&nbsp;&raquo;#707070&Prime; text_font_size=&nbsp;&raquo;16px&nbsp;&raquo; text_line_height=&nbsp;&raquo;20px&nbsp;&raquo; text_orientation=&nbsp;&raquo;justified&nbsp;&raquo; custom_margin_tablet=&nbsp;&raquo;&nbsp;&raquo; custom_margin_phone=&nbsp;&raquo;||0px||false|false&nbsp;&raquo; custom_margin_last_edited=&nbsp;&raquo;on|phone&nbsp;&raquo; custom_padding=&nbsp;&raquo;||15px||false|false&nbsp;&raquo; custom_padding_tablet=&nbsp;&raquo;&nbsp;&raquo; custom_padding_phone=&nbsp;&raquo;||0px||false|false&nbsp;&raquo; custom_padding_last_edited=&nbsp;&raquo;on|phone&nbsp;&raquo; text_orientation_tablet=&nbsp;&raquo;center&nbsp;&raquo; text_orientation_phone=&nbsp;&raquo;center&nbsp;&raquo; text_orientation_last_edited=&nbsp;&raquo;on|phone&nbsp;&raquo;]<\/p>\n<div class=\"internal-linking-related-contents-pro\"><a href=\"https:\/\/www.lagencerie.fr\/bordeaux\/2021\/06\/07\/quest-ce-quune-sci\/\" class=\"template-5\" style=\"background-image:url(https:\/\/www.lagencerie.fr\/bordeaux\/wp-content\/uploads\/sites\/2\/2021\/06\/agencerie-confier-bien-location-albi-toulouse-bordeaux.jpg)\"><div class=\"postTitle\"><span><strong>D&eacute;couvrir :<\/strong>Qu&rsquo;est-ce qu&rsquo;une SCI&thinsp;?<\/span><\/div><\/a><\/div><p>Une autre id&eacute;e est de faire de l&rsquo;apiculture sur votre toit. Les abeilles s&rsquo;acclimatent parfois bien aux conditions atmosph&eacute;riques de la ville. Gr&acirc;ce &agrave; la pr&eacute;sence des jardins-terrasses environ-nants, elles pourront &eacute;galement plus facilement s&rsquo;adapter &agrave; leur environnement.<br>Et si vous d&eacute;sirez profiter autrement d&rsquo;un ensoleillement continu, pourquoi ne pas installer des panneaux solaires ? R&eacute;aliser des &eacute;conomies d&rsquo;&eacute;nergie gr&acirc;ce &agrave; l&rsquo;acc&egrave;s au toit reste une option tout &agrave; fait avantageuse.<\/p>\n<p>[\/et_pb_text][\/et_pb_column][\/et_pb_row][\/et_pb_section][et_pb_section fb_built=&nbsp;&raquo;1&Prime; _builder_version=&nbsp;&raquo;4.9.3&Prime; _module_preset=&nbsp;&raquo;default&nbsp;&raquo; background_color=&nbsp;&raquo;RGBA(0,0,0,0)&nbsp;&raquo; custom_margin=&nbsp;&raquo;0px||0px||false|false&nbsp;&raquo; custom_padding=&nbsp;&raquo;0px||0px||false|false&nbsp;&raquo;][et_pb_row _builder_version=&nbsp;&raquo;4.9.3&Prime; _module_preset=&nbsp;&raquo;default&nbsp;&raquo;][et_pb_column type=&nbsp;&raquo;4_4&Prime; _builder_version=&nbsp;&raquo;4.9.3&Prime; _module_preset=&nbsp;&raquo;default&nbsp;&raquo;][et_pb_text content_tablet=&nbsp;&raquo;<\/p>\n<h2>CONFIEZ LA GESTION LOCATIVE<br>\nDE VOTRE BIEN &Agrave; UN PROFESSIONNEL<\/h2>\n<p>&nbsp;&raquo; content_phone=&nbsp;&raquo;<\/p>\n<h2>CONFIEZ LA GESTION LOCATIVE<br>\nDE VOTRE BIEN &Agrave; UN PROFESSIONNEL<\/h2>\n<p>&nbsp;&raquo; content_last_edited=&nbsp;&raquo;off|desktop&nbsp;&raquo; _builder_version=&nbsp;&raquo;4.9.4&Prime; _module_preset=&nbsp;&raquo;f8a905d0-9b7b-4de3-b086-c837e1334a17&Prime; text_text_color=&nbsp;&raquo;#d9ac6d&nbsp;&raquo; text_font_size=&nbsp;&raquo;22px&nbsp;&raquo; text_line_height=&nbsp;&raquo;0em&nbsp;&raquo; header_font=&nbsp;&raquo;|700||on|||||&nbsp;&raquo; header_text_align=&nbsp;&raquo;center&nbsp;&raquo; header_text_color=&nbsp;&raquo;#003a5d&nbsp;&raquo; header_font_size=&nbsp;&raquo;32px&nbsp;&raquo; header_2_font=&nbsp;&raquo;Barlow|600||on|||||&nbsp;&raquo; header_2_text_align=&nbsp;&raquo;left&nbsp;&raquo; header_2_text_color=&nbsp;&raquo;#003a5d&nbsp;&raquo; header_2_font_size=&nbsp;&raquo;25px&nbsp;&raquo; header_3_font=&nbsp;&raquo;Encode Sans Condensed|700||on|||||&nbsp;&raquo; header_3_text_align=&nbsp;&raquo;left&nbsp;&raquo; header_3_text_color=&nbsp;&raquo;#d9ac6d&nbsp;&raquo; header_3_font_size=&nbsp;&raquo;18px&nbsp;&raquo; text_orientation=&nbsp;&raquo;center&nbsp;&raquo; custom_margin=&nbsp;&raquo;20px||15px||false|false&nbsp;&raquo; custom_margin_tablet=&nbsp;&raquo;&nbsp;&raquo; custom_margin_phone=&nbsp;&raquo;10px||15px||false|false&nbsp;&raquo; custom_margin_last_edited=&nbsp;&raquo;on|phone&nbsp;&raquo; header_2_text_align_tablet=&nbsp;&raquo;left&nbsp;&raquo; header_2_text_align_phone=&nbsp;&raquo;&nbsp;&raquo; header_2_text_align_last_edited=&nbsp;&raquo;on|phone&nbsp;&raquo; header_2_font_size_tablet=&nbsp;&raquo;&nbsp;&raquo; header_2_font_size_phone=&nbsp;&raquo;19px&nbsp;&raquo; header_2_font_size_last_edited=&nbsp;&raquo;on|phone&nbsp;&raquo; header_3_text_align_tablet=&nbsp;&raquo;center&nbsp;&raquo; header_3_text_align_phone=&nbsp;&raquo;&nbsp;&raquo; header_3_text_align_last_edited=&nbsp;&raquo;on|phone&nbsp;&raquo;]<\/p>\n<h2>Le toit-terrasse de vos r&ecirc;ves&hellip; et la r&eacute;glementation<\/h2>\n<p>[\/et_pb_text][et_pb_text content_tablet=&nbsp;&raquo;Estimation de la valeur locative de votre bien, recherche de locataire, r&eacute;daction des documents juridiques, mise en valeur du bien, s&eacute;lection et gestion du locataire, respect des dispositions l&eacute;gales&hellip; Les missions &agrave; remplir lorsque l&rsquo;on est bailleur sont nombreuses et complexes. Entourez-vous d&rsquo;acteurs de confiance pour s&eacute;curiser votre patrimoine&thinsp;!&nbsp;&raquo; content_phone=&nbsp;&raquo;Estimation de la valeur locative de votre bien, recherche de locataire, r&eacute;daction des documents juridiques, mise en valeur du bien, s&eacute;lection et gestion du locataire, respect des dispositions l&eacute;gales&hellip; Les missions &agrave; remplir lorsque l&rsquo;on est bailleur sont nombreuses et complexes. Entourez-vous d&rsquo;acteurs de confiance pour s&eacute;curiser votre patrimoine&thinsp;!&nbsp;&raquo; content_last_edited=&nbsp;&raquo;off|desktop&nbsp;&raquo; _builder_version=&nbsp;&raquo;4.9.4&Prime; _module_preset=&nbsp;&raquo;default&nbsp;&raquo; text_font=&nbsp;&raquo;Barlow|300|||||||&nbsp;&raquo; text_text_color=&nbsp;&raquo;#707070&Prime; text_font_size=&nbsp;&raquo;16px&nbsp;&raquo; text_line_height=&nbsp;&raquo;20px&nbsp;&raquo; text_orientation=&nbsp;&raquo;justified&nbsp;&raquo; custom_margin_tablet=&nbsp;&raquo;&nbsp;&raquo; custom_margin_phone=&nbsp;&raquo;||0px||false|false&nbsp;&raquo; custom_margin_last_edited=&nbsp;&raquo;on|phone&nbsp;&raquo; custom_padding=&nbsp;&raquo;||15px||false|false&nbsp;&raquo; custom_padding_tablet=&nbsp;&raquo;&nbsp;&raquo; custom_padding_phone=&nbsp;&raquo;||0px||false|false&nbsp;&raquo; custom_padding_last_edited=&nbsp;&raquo;on|phone&nbsp;&raquo; text_orientation_tablet=&nbsp;&raquo;justified&nbsp;&raquo; text_orientation_phone=&nbsp;&raquo;justified&nbsp;&raquo; text_orientation_last_edited=&nbsp;&raquo;on|phone&nbsp;&raquo;]<\/p>\n<p>Un toit-terrasse peut, comme son nom l&rsquo;indique, servir de terrasse et donc recevoir des &eacute;quipements tels que du mobilier, des d&eacute;corations, ou encore un jardin.<\/p>\n<p>Son am&eacute;nagement repose cependant sur quelques conditions, notamment administratives et d&rsquo;ordre structurel.<\/p>\n<p>Tout d&rsquo;abord, certaines mairies interdisent la construction de toits-terrasses. Avant d&rsquo;imaginer o&ugrave; disposer les chaises de jardin, renseignez-vous de prime abord sur le plan local d&rsquo;urbanisme de votre commune.<\/p>\n<p>Ensuite, notez qu&rsquo;il est obligatoire d&rsquo;obtenir un permis de construire pour installer son toit-terrasse. Dans le cas d&rsquo;un immeuble, il faudra &eacute;galement obtenir l&rsquo;accord de la copropri&eacute;t&eacute;.<\/p>\n<p>Aussi, rappelons que des &eacute;tudes doivent &ecirc;tre men&eacute;es en amont pour v&eacute;rifier que les tra-vaux n&rsquo;affecteront pas la solidit&eacute; du b&acirc;timent. Un architecte devra garantir la capacit&eacute; de la struc-ture &agrave; supporter les charges. La terrasse devra en outre se conformer aux normes antisismiques pour les constructions en hauteur.<\/p>\n<p>Avant de commencer les travaux, il faut aussi faire appel aux services d&rsquo;un &eacute;tancheur pour s&rsquo;assurer de l&rsquo;&eacute;tanch&eacute;it&eacute; du toit. Cette derni&egrave;re consiste en la superposition d&rsquo;un pare-vapeur (qui lutte contre l&rsquo;humidit&eacute;), d&rsquo;un &eacute;cran d&rsquo;ind&eacute;pendance (pour s&eacute;parer les &eacute;l&eacute;ments chimiques incom-patibles), d&rsquo;un isolant thermique et d&rsquo;un rev&ecirc;tement (pour isoler de fortes variations de temp&eacute;ra-tures et des agressions du climat).<\/p>\n<p>Autres mesures de s&eacute;curit&eacute; : l&rsquo;installation d&rsquo;un garde-corps. L&rsquo;&eacute;quipement doit obligatoi-rement mesurer 1m de hauteur ou 80 cm si le garde-corps d&eacute;passe les 50 cm d&rsquo;&eacute;paisseur. Il doit poss&eacute;der des barreaux verticaux espac&eacute;s de 11 cm maximum, ou bien &ecirc;tre plein et opaque. Il doit aussi comporter une plinthe de but&eacute;e de 10 &agrave; 15 cm, une main courante et une lisse interm&eacute;diaire &agrave; mi-hauteur. Enfreindre la r&eacute;glementation peut co&ucirc;ter jusqu&rsquo;&agrave; 15 000 &euro; d&rsquo;amende, mais surtout causer des chutes.<\/p>\n<p>Un toit devient ais&eacute;ment un lieu de vie de qualit&eacute; lorsque les conditions sont remplies pour son am&eacute;nagement. Pouvant servir de jardin, de terrasse ou d&rsquo;isolation v&eacute;g&eacute;talis&eacute;e, le toit plat reste une surface &agrave; exploiter. Quelques m&egrave;tres carr&eacute;s de plus pour un espace am&eacute;nag&eacute; en hau-teur, pourquoi ne pas profiter d&rsquo;une occasion si rare ?<\/p>\n<p>Vous avez un projet immobilier &agrave; Bordeaux&thinsp;? Contactez sans plus attendre notre <a href=\"\/bordeaux\/\">agence immobili&egrave;re aux Chartrons<\/a>.<\/p>\n<p>[\/et_pb_text][\/et_pb_column][\/et_pb_row][\/et_pb_section]<\/p>","protected":false},"excerpt":{"rendered":"<p>Dans de nombreuses grandes villes comme Bordeaux, les toits plats repr\u00e9sentent une bonne part de la superficie inexploit\u00e9e des b\u00e2timents. Les propri\u00e9taires peuvent chercher \u00e0 utiliser cette surface de vie suppl\u00e9mentaire. Afin de vous accompagner au mieux, L\u2019agencerie, votre r\u00e9seau d\u2019agences immobili\u00e8res vous pr\u00e9sente ses meilleurs conseils.Comment am\u00e9nager son toit-terrasse\u2009?Les propri\u00e9taires d\u2019un toit-terrasse peuvent profiter [&hellip;]<\/p>\n","protected":false},"author":1,"featured_media":1274,"comment_status":"open","ping_status":"open","sticky":false,"template":"","format":"standard","meta":{"_et_pb_use_builder":"on","_et_pb_old_content":"","_et_gb_content_width":"","inline_featured_image":false,"footnotes":""},"categories":[22,20],"tags":[],"class_list":["post-1271","post","type-post","status-publish","format-standard","has-post-thumbnail","hentry","category-bordeaux","category-immobilier"],"yoast_head":"<!-- This site is optimized with the Yoast SEO Premium plugin v20.1 (Yoast SEO v26.6) - https:\/\/yoast.com\/wordpress\/plugins\/seo\/ -->\n<title>Comment utiliser les toits en ville et am\u00e9nager de nouveaux espaces\u2009?<\/title>\n<meta name=\"description\" content=\"Les toits-terrasses restent encore peu exploit\u00e9s. Pourtant, ils repr\u00e9sentent de potentiels lieux de vie suppl\u00e9mentaires. Comment utiliser les toits en ville\u2009? L\u2019Agencerie vous dit tout.\" \/>\n<meta name=\"robots\" content=\"index, follow, max-snippet:-1, max-image-preview:large, max-video-preview:-1\" \/>\n<link rel=\"canonical\" href=\"https:\/\/www.lagencerie.fr\/bordeaux\/2021\/05\/10\/comment-utiliser-les-toits-en-ville-et-disposer-despaces-supplementaires\u2009\/\" \/>\n<meta property=\"og:locale\" content=\"fr_FR\" \/>\n<meta property=\"og:type\" content=\"article\" \/>\n<meta property=\"og:title\" content=\"Comment utiliser les toits en ville et disposer d\u2019espaces suppl\u00e9mentaires\u2009?\" \/>\n<meta property=\"og:description\" content=\"Les toits-terrasses restent encore peu exploit\u00e9s. Pourtant, ils repr\u00e9sentent de potentiels lieux de vie suppl\u00e9mentaires. Comment utiliser les toits en ville\u2009? L\u2019Agencerie vous dit tout.\" \/>\n<meta property=\"og:url\" content=\"https:\/\/www.lagencerie.fr\/bordeaux\/2021\/05\/10\/comment-utiliser-les-toits-en-ville-et-disposer-despaces-supplementaires\u2009\/\" \/>\n<meta property=\"og:site_name\" content=\"L&#039;Agencerie Bordeaux\" \/>\n<meta property=\"article:publisher\" content=\"https:\/\/www.facebook.com\/lagenceriebordeaux\/\" \/>\n<meta property=\"article:published_time\" content=\"2021-05-10T12:02:50+00:00\" \/>\n<meta property=\"article:modified_time\" content=\"2021-05-11T14:16:48+00:00\" \/>\n<meta property=\"og:image\" content=\"https:\/\/www.lagencerie.fr\/bordeaux\/wp-content\/uploads\/sites\/2\/2021\/05\/toit-ville-agencerie-bordeaux.jpg\" \/>\n\t<meta property=\"og:image:width\" content=\"1920\" \/>\n\t<meta property=\"og:image:height\" content=\"800\" \/>\n\t<meta property=\"og:image:type\" content=\"image\/jpeg\" \/>\n<meta name=\"author\" content=\"@NS_dEv81\" \/>\n<meta name=\"twitter:card\" content=\"summary_large_image\" \/>\n<meta name=\"twitter:label1\" content=\"\u00c9crit par\" \/>\n\t<meta name=\"twitter:data1\" content=\"@NS_dEv81\" \/>\n\t<meta name=\"twitter:label2\" content=\"Dur\u00e9e de lecture estim\u00e9e\" \/>\n\t<meta name=\"twitter:data2\" content=\"13 minutes\" \/>\n<script type=\"application\/ld+json\" class=\"yoast-schema-graph\">{\"@context\":\"https:\/\/schema.org\",\"@graph\":[{\"@type\":\"Article\",\"@id\":\"https:\/\/www.lagencerie.fr\/bordeaux\/2021\/05\/10\/comment-utiliser-les-toits-en-ville-et-disposer-despaces-supplementaires%e2%80%89\/#article\",\"isPartOf\":{\"@id\":\"https:\/\/www.lagencerie.fr\/bordeaux\/2021\/05\/10\/comment-utiliser-les-toits-en-ville-et-disposer-despaces-supplementaires%e2%80%89\/\"},\"author\":{\"name\":\"@NS_dEv81\",\"@id\":\"https:\/\/www.lagencerie.fr\/bordeaux\/#\/schema\/person\/2e2016f961abae9139530b7c57f9425c\"},\"headline\":\"Comment utiliser les toits en ville et disposer d\u2019espaces suppl\u00e9mentaires\u2009?\",\"datePublished\":\"2021-05-10T12:02:50+00:00\",\"dateModified\":\"2021-05-11T14:16:48+00:00\",\"mainEntityOfPage\":{\"@id\":\"https:\/\/www.lagencerie.fr\/bordeaux\/2021\/05\/10\/comment-utiliser-les-toits-en-ville-et-disposer-despaces-supplementaires%e2%80%89\/\"},\"wordCount\":2667,\"commentCount\":0,\"publisher\":{\"@id\":\"https:\/\/www.lagencerie.fr\/bordeaux\/#organization\"},\"image\":{\"@id\":\"https:\/\/www.lagencerie.fr\/bordeaux\/2021\/05\/10\/comment-utiliser-les-toits-en-ville-et-disposer-despaces-supplementaires%e2%80%89\/#primaryimage\"},\"thumbnailUrl\":\"https:\/\/www.lagencerie.fr\/bordeaux\/wp-content\/uploads\/sites\/2\/2021\/05\/toit-ville-agencerie-bordeaux.jpg\",\"articleSection\":[\"Bordeaux\",\"Immobilier\"],\"inLanguage\":\"fr-FR\",\"potentialAction\":[{\"@type\":\"CommentAction\",\"name\":\"Comment\",\"target\":[\"https:\/\/www.lagencerie.fr\/bordeaux\/2021\/05\/10\/comment-utiliser-les-toits-en-ville-et-disposer-despaces-supplementaires%e2%80%89\/#respond\"]}]},{\"@type\":\"WebPage\",\"@id\":\"https:\/\/www.lagencerie.fr\/bordeaux\/2021\/05\/10\/comment-utiliser-les-toits-en-ville-et-disposer-despaces-supplementaires%e2%80%89\/\",\"url\":\"https:\/\/www.lagencerie.fr\/bordeaux\/2021\/05\/10\/comment-utiliser-les-toits-en-ville-et-disposer-despaces-supplementaires%e2%80%89\/\",\"name\":\"Comment utiliser les toits en ville et am\u00e9nager de nouveaux espaces\u2009?\",\"isPartOf\":{\"@id\":\"https:\/\/www.lagencerie.fr\/bordeaux\/#website\"},\"primaryImageOfPage\":{\"@id\":\"https:\/\/www.lagencerie.fr\/bordeaux\/2021\/05\/10\/comment-utiliser-les-toits-en-ville-et-disposer-despaces-supplementaires%e2%80%89\/#primaryimage\"},\"image\":{\"@id\":\"https:\/\/www.lagencerie.fr\/bordeaux\/2021\/05\/10\/comment-utiliser-les-toits-en-ville-et-disposer-despaces-supplementaires%e2%80%89\/#primaryimage\"},\"thumbnailUrl\":\"https:\/\/www.lagencerie.fr\/bordeaux\/wp-content\/uploads\/sites\/2\/2021\/05\/toit-ville-agencerie-bordeaux.jpg\",\"datePublished\":\"2021-05-10T12:02:50+00:00\",\"dateModified\":\"2021-05-11T14:16:48+00:00\",\"description\":\"Les toits-terrasses restent encore peu exploit\u00e9s. Pourtant, ils repr\u00e9sentent de potentiels lieux de vie suppl\u00e9mentaires. Comment utiliser les toits en ville\u2009? L\u2019Agencerie vous dit tout.\",\"breadcrumb\":{\"@id\":\"https:\/\/www.lagencerie.fr\/bordeaux\/2021\/05\/10\/comment-utiliser-les-toits-en-ville-et-disposer-despaces-supplementaires%e2%80%89\/#breadcrumb\"},\"inLanguage\":\"fr-FR\",\"potentialAction\":[{\"@type\":\"ReadAction\",\"target\":[\"https:\/\/www.lagencerie.fr\/bordeaux\/2021\/05\/10\/comment-utiliser-les-toits-en-ville-et-disposer-despaces-supplementaires%e2%80%89\/\"]}]},{\"@type\":\"ImageObject\",\"inLanguage\":\"fr-FR\",\"@id\":\"https:\/\/www.lagencerie.fr\/bordeaux\/2021\/05\/10\/comment-utiliser-les-toits-en-ville-et-disposer-despaces-supplementaires%e2%80%89\/#primaryimage\",\"url\":\"https:\/\/www.lagencerie.fr\/bordeaux\/wp-content\/uploads\/sites\/2\/2021\/05\/toit-ville-agencerie-bordeaux.jpg\",\"contentUrl\":\"https:\/\/www.lagencerie.fr\/bordeaux\/wp-content\/uploads\/sites\/2\/2021\/05\/toit-ville-agencerie-bordeaux.jpg\",\"width\":1920,\"height\":800},{\"@type\":\"BreadcrumbList\",\"@id\":\"https:\/\/www.lagencerie.fr\/bordeaux\/2021\/05\/10\/comment-utiliser-les-toits-en-ville-et-disposer-despaces-supplementaires%e2%80%89\/#breadcrumb\",\"itemListElement\":[{\"@type\":\"ListItem\",\"position\":1,\"name\":\"Accueil\",\"item\":\"https:\/\/www.lagencerie.fr\/bordeaux\/\"},{\"@type\":\"ListItem\",\"position\":2,\"name\":\"Comment utiliser les toits en ville et disposer d\u2019espaces suppl\u00e9mentaires\u2009?\"}]},{\"@type\":\"WebSite\",\"@id\":\"https:\/\/www.lagencerie.fr\/bordeaux\/#website\",\"url\":\"https:\/\/www.lagencerie.fr\/bordeaux\/\",\"name\":\"L&#039;Agencerie Bordeaux\",\"description\":\"\",\"publisher\":{\"@id\":\"https:\/\/www.lagencerie.fr\/bordeaux\/#organization\"},\"potentialAction\":[{\"@type\":\"SearchAction\",\"target\":{\"@type\":\"EntryPoint\",\"urlTemplate\":\"https:\/\/www.lagencerie.fr\/bordeaux\/?s={search_term_string}\"},\"query-input\":{\"@type\":\"PropertyValueSpecification\",\"valueRequired\":true,\"valueName\":\"search_term_string\"}}],\"inLanguage\":\"fr-FR\"},{\"@type\":[\"Organization\",\"Place\",\"RealEstateAgent\"],\"@id\":\"https:\/\/www.lagencerie.fr\/bordeaux\/#organization\",\"name\":\"L'Agencerie - Agence immobili\u00e8re Bordeaux\",\"alternateName\":\"L'Agencerie Bordeaux\",\"url\":\"https:\/\/www.lagencerie.fr\/bordeaux\/\",\"logo\":{\"@id\":\"https:\/\/www.lagencerie.fr\/bordeaux\/2021\/05\/10\/comment-utiliser-les-toits-en-ville-et-disposer-despaces-supplementaires%e2%80%89\/#local-main-organization-logo\"},\"image\":{\"@id\":\"https:\/\/www.lagencerie.fr\/bordeaux\/2021\/05\/10\/comment-utiliser-les-toits-en-ville-et-disposer-despaces-supplementaires%e2%80%89\/#local-main-organization-logo\"},\"sameAs\":[\"https:\/\/www.facebook.com\/lagenceriebordeaux\/\",\"https:\/\/www.instagram.com\/lagencerie_bordeaux\/\"],\"address\":{\"@id\":\"https:\/\/www.lagencerie.fr\/bordeaux\/2021\/05\/10\/comment-utiliser-les-toits-en-ville-et-disposer-despaces-supplementaires%e2%80%89\/#local-main-place-address\"},\"geo\":{\"@type\":\"GeoCoordinates\",\"latitude\":\"44.852280\",\"longitude\":\"-0.571870\"},\"telephone\":[\"0547748811\"],\"openingHoursSpecification\":[{\"@type\":\"OpeningHoursSpecification\",\"dayOfWeek\":[\"Monday\",\"Tuesday\",\"Wednesday\",\"Thursday\",\"Friday\"],\"opens\":\"09:00\",\"closes\":\"18:00\"},{\"@type\":\"OpeningHoursSpecification\",\"dayOfWeek\":[\"Saturday\",\"Sunday\"],\"opens\":\"00:00\",\"closes\":\"00:00\"}],\"email\":\"bordeaux@lagencerie.fr\",\"areaServed\":\"Bordeaux\",\"taxID\":\"FR21891273930\",\"priceRange\":\"$$$\",\"currenciesAccepted\":\"Euro\"},{\"@type\":\"Person\",\"@id\":\"https:\/\/www.lagencerie.fr\/bordeaux\/#\/schema\/person\/2e2016f961abae9139530b7c57f9425c\",\"name\":\"@NS_dEv81\",\"image\":{\"@type\":\"ImageObject\",\"inLanguage\":\"fr-FR\",\"@id\":\"https:\/\/www.lagencerie.fr\/bordeaux\/#\/schema\/person\/image\/\",\"url\":\"https:\/\/secure.gravatar.com\/avatar\/ba3a09fabeb68191dbfa1449edf52e5acf2a0138ccdd2c7b336109c9d9db1141?s=96&d=mm&r=g\",\"contentUrl\":\"https:\/\/secure.gravatar.com\/avatar\/ba3a09fabeb68191dbfa1449edf52e5acf2a0138ccdd2c7b336109c9d9db1141?s=96&d=mm&r=g\",\"caption\":\"@NS_dEv81\"},\"sameAs\":[\"https:\/\/www.lagencerie.fr\"],\"url\":\"https:\/\/www.lagencerie.fr\/bordeaux\/author\/ns_dev81\/\"},{\"@type\":\"PostalAddress\",\"@id\":\"https:\/\/www.lagencerie.fr\/bordeaux\/2021\/05\/10\/comment-utiliser-les-toits-en-ville-et-disposer-despaces-supplementaires%e2%80%89\/#local-main-place-address\",\"streetAddress\":\"4, rue Rode\",\"addressLocality\":\"Bordeaux\",\"postalCode\":\"33000\",\"addressCountry\":\"FR\"},{\"@type\":\"ImageObject\",\"inLanguage\":\"fr-FR\",\"@id\":\"https:\/\/www.lagencerie.fr\/bordeaux\/2021\/05\/10\/comment-utiliser-les-toits-en-ville-et-disposer-despaces-supplementaires%e2%80%89\/#local-main-organization-logo\",\"url\":\"https:\/\/www.lagencerie.fr\/bordeaux\/wp-content\/uploads\/sites\/2\/2022\/11\/favicon-lagencerie.webp\",\"contentUrl\":\"https:\/\/www.lagencerie.fr\/bordeaux\/wp-content\/uploads\/sites\/2\/2022\/11\/favicon-lagencerie.webp\",\"width\":512,\"height\":512,\"caption\":\"L'Agencerie - Agence immobili\u00e8re Bordeaux\"}]}<\/script>\n<meta name=\"geo.placename\" content=\"Bordeaux\" \/>\n<meta name=\"geo.position\" content=\"44.852280;-0.571870\" \/>\n<meta name=\"geo.region\" content=\"France\" \/>\n<!-- \/ Yoast SEO Premium plugin. -->","yoast_head_json":{"title":"Comment utiliser les toits en ville et am\u00e9nager de nouveaux espaces\u2009?","description":"Les toits-terrasses restent encore peu exploit\u00e9s. Pourtant, ils repr\u00e9sentent de potentiels lieux de vie suppl\u00e9mentaires. Comment utiliser les toits en ville\u2009? L\u2019Agencerie vous dit tout.","robots":{"index":"index","follow":"follow","max-snippet":"max-snippet:-1","max-image-preview":"max-image-preview:large","max-video-preview":"max-video-preview:-1"},"canonical":"https:\/\/www.lagencerie.fr\/bordeaux\/2021\/05\/10\/comment-utiliser-les-toits-en-ville-et-disposer-despaces-supplementaires\u2009\/","og_locale":"fr_FR","og_type":"article","og_title":"Comment utiliser les toits en ville et disposer d\u2019espaces suppl\u00e9mentaires\u2009?","og_description":"Les toits-terrasses restent encore peu exploit\u00e9s. Pourtant, ils repr\u00e9sentent de potentiels lieux de vie suppl\u00e9mentaires. Comment utiliser les toits en ville\u2009? L\u2019Agencerie vous dit tout.","og_url":"https:\/\/www.lagencerie.fr\/bordeaux\/2021\/05\/10\/comment-utiliser-les-toits-en-ville-et-disposer-despaces-supplementaires\u2009\/","og_site_name":"L&#039;Agencerie Bordeaux","article_publisher":"https:\/\/www.facebook.com\/lagenceriebordeaux\/","article_published_time":"2021-05-10T12:02:50+00:00","article_modified_time":"2021-05-11T14:16:48+00:00","og_image":[{"width":1920,"height":800,"url":"https:\/\/www.lagencerie.fr\/bordeaux\/wp-content\/uploads\/sites\/2\/2021\/05\/toit-ville-agencerie-bordeaux.jpg","type":"image\/jpeg"}],"author":"@NS_dEv81","twitter_card":"summary_large_image","twitter_misc":{"\u00c9crit par":"@NS_dEv81","Dur\u00e9e de lecture estim\u00e9e":"13 minutes"},"schema":{"@context":"https:\/\/schema.org","@graph":[{"@type":"Article","@id":"https:\/\/www.lagencerie.fr\/bordeaux\/2021\/05\/10\/comment-utiliser-les-toits-en-ville-et-disposer-despaces-supplementaires%e2%80%89\/#article","isPartOf":{"@id":"https:\/\/www.lagencerie.fr\/bordeaux\/2021\/05\/10\/comment-utiliser-les-toits-en-ville-et-disposer-despaces-supplementaires%e2%80%89\/"},"author":{"name":"@NS_dEv81","@id":"https:\/\/www.lagencerie.fr\/bordeaux\/#\/schema\/person\/2e2016f961abae9139530b7c57f9425c"},"headline":"Comment utiliser les toits en ville et disposer d\u2019espaces suppl\u00e9mentaires\u2009?","datePublished":"2021-05-10T12:02:50+00:00","dateModified":"2021-05-11T14:16:48+00:00","mainEntityOfPage":{"@id":"https:\/\/www.lagencerie.fr\/bordeaux\/2021\/05\/10\/comment-utiliser-les-toits-en-ville-et-disposer-despaces-supplementaires%e2%80%89\/"},"wordCount":2667,"commentCount":0,"publisher":{"@id":"https:\/\/www.lagencerie.fr\/bordeaux\/#organization"},"image":{"@id":"https:\/\/www.lagencerie.fr\/bordeaux\/2021\/05\/10\/comment-utiliser-les-toits-en-ville-et-disposer-despaces-supplementaires%e2%80%89\/#primaryimage"},"thumbnailUrl":"https:\/\/www.lagencerie.fr\/bordeaux\/wp-content\/uploads\/sites\/2\/2021\/05\/toit-ville-agencerie-bordeaux.jpg","articleSection":["Bordeaux","Immobilier"],"inLanguage":"fr-FR","potentialAction":[{"@type":"CommentAction","name":"Comment","target":["https:\/\/www.lagencerie.fr\/bordeaux\/2021\/05\/10\/comment-utiliser-les-toits-en-ville-et-disposer-despaces-supplementaires%e2%80%89\/#respond"]}]},{"@type":"WebPage","@id":"https:\/\/www.lagencerie.fr\/bordeaux\/2021\/05\/10\/comment-utiliser-les-toits-en-ville-et-disposer-despaces-supplementaires%e2%80%89\/","url":"https:\/\/www.lagencerie.fr\/bordeaux\/2021\/05\/10\/comment-utiliser-les-toits-en-ville-et-disposer-despaces-supplementaires%e2%80%89\/","name":"Comment utiliser les toits en ville et am\u00e9nager de nouveaux espaces\u2009?","isPartOf":{"@id":"https:\/\/www.lagencerie.fr\/bordeaux\/#website"},"primaryImageOfPage":{"@id":"https:\/\/www.lagencerie.fr\/bordeaux\/2021\/05\/10\/comment-utiliser-les-toits-en-ville-et-disposer-despaces-supplementaires%e2%80%89\/#primaryimage"},"image":{"@id":"https:\/\/www.lagencerie.fr\/bordeaux\/2021\/05\/10\/comment-utiliser-les-toits-en-ville-et-disposer-despaces-supplementaires%e2%80%89\/#primaryimage"},"thumbnailUrl":"https:\/\/www.lagencerie.fr\/bordeaux\/wp-content\/uploads\/sites\/2\/2021\/05\/toit-ville-agencerie-bordeaux.jpg","datePublished":"2021-05-10T12:02:50+00:00","dateModified":"2021-05-11T14:16:48+00:00","description":"Les toits-terrasses restent encore peu exploit\u00e9s. Pourtant, ils repr\u00e9sentent de potentiels lieux de vie suppl\u00e9mentaires. Comment utiliser les toits en ville\u2009? L\u2019Agencerie vous dit tout.","breadcrumb":{"@id":"https:\/\/www.lagencerie.fr\/bordeaux\/2021\/05\/10\/comment-utiliser-les-toits-en-ville-et-disposer-despaces-supplementaires%e2%80%89\/#breadcrumb"},"inLanguage":"fr-FR","potentialAction":[{"@type":"ReadAction","target":["https:\/\/www.lagencerie.fr\/bordeaux\/2021\/05\/10\/comment-utiliser-les-toits-en-ville-et-disposer-despaces-supplementaires%e2%80%89\/"]}]},{"@type":"ImageObject","inLanguage":"fr-FR","@id":"https:\/\/www.lagencerie.fr\/bordeaux\/2021\/05\/10\/comment-utiliser-les-toits-en-ville-et-disposer-despaces-supplementaires%e2%80%89\/#primaryimage","url":"https:\/\/www.lagencerie.fr\/bordeaux\/wp-content\/uploads\/sites\/2\/2021\/05\/toit-ville-agencerie-bordeaux.jpg","contentUrl":"https:\/\/www.lagencerie.fr\/bordeaux\/wp-content\/uploads\/sites\/2\/2021\/05\/toit-ville-agencerie-bordeaux.jpg","width":1920,"height":800},{"@type":"BreadcrumbList","@id":"https:\/\/www.lagencerie.fr\/bordeaux\/2021\/05\/10\/comment-utiliser-les-toits-en-ville-et-disposer-despaces-supplementaires%e2%80%89\/#breadcrumb","itemListElement":[{"@type":"ListItem","position":1,"name":"Accueil","item":"https:\/\/www.lagencerie.fr\/bordeaux\/"},{"@type":"ListItem","position":2,"name":"Comment utiliser les toits en ville et disposer d\u2019espaces suppl\u00e9mentaires\u2009?"}]},{"@type":"WebSite","@id":"https:\/\/www.lagencerie.fr\/bordeaux\/#website","url":"https:\/\/www.lagencerie.fr\/bordeaux\/","name":"L&#039;Agencerie Bordeaux","description":"","publisher":{"@id":"https:\/\/www.lagencerie.fr\/bordeaux\/#organization"},"potentialAction":[{"@type":"SearchAction","target":{"@type":"EntryPoint","urlTemplate":"https:\/\/www.lagencerie.fr\/bordeaux\/?s={search_term_string}"},"query-input":{"@type":"PropertyValueSpecification","valueRequired":true,"valueName":"search_term_string"}}],"inLanguage":"fr-FR"},{"@type":["Organization","Place","RealEstateAgent"],"@id":"https:\/\/www.lagencerie.fr\/bordeaux\/#organization","name":"L'Agencerie - Agence immobili\u00e8re Bordeaux","alternateName":"L'Agencerie Bordeaux","url":"https:\/\/www.lagencerie.fr\/bordeaux\/","logo":{"@id":"https:\/\/www.lagencerie.fr\/bordeaux\/2021\/05\/10\/comment-utiliser-les-toits-en-ville-et-disposer-despaces-supplementaires%e2%80%89\/#local-main-organization-logo"},"image":{"@id":"https:\/\/www.lagencerie.fr\/bordeaux\/2021\/05\/10\/comment-utiliser-les-toits-en-ville-et-disposer-despaces-supplementaires%e2%80%89\/#local-main-organization-logo"},"sameAs":["https:\/\/www.facebook.com\/lagenceriebordeaux\/","https:\/\/www.instagram.com\/lagencerie_bordeaux\/"],"address":{"@id":"https:\/\/www.lagencerie.fr\/bordeaux\/2021\/05\/10\/comment-utiliser-les-toits-en-ville-et-disposer-despaces-supplementaires%e2%80%89\/#local-main-place-address"},"geo":{"@type":"GeoCoordinates","latitude":"44.852280","longitude":"-0.571870"},"telephone":["0547748811"],"openingHoursSpecification":[{"@type":"OpeningHoursSpecification","dayOfWeek":["Monday","Tuesday","Wednesday","Thursday","Friday"],"opens":"09:00","closes":"18:00"},{"@type":"OpeningHoursSpecification","dayOfWeek":["Saturday","Sunday"],"opens":"00:00","closes":"00:00"}],"email":"bordeaux@lagencerie.fr","areaServed":"Bordeaux","taxID":"FR21891273930","priceRange":"$$$","currenciesAccepted":"Euro"},{"@type":"Person","@id":"https:\/\/www.lagencerie.fr\/bordeaux\/#\/schema\/person\/2e2016f961abae9139530b7c57f9425c","name":"@NS_dEv81","image":{"@type":"ImageObject","inLanguage":"fr-FR","@id":"https:\/\/www.lagencerie.fr\/bordeaux\/#\/schema\/person\/image\/","url":"https:\/\/secure.gravatar.com\/avatar\/ba3a09fabeb68191dbfa1449edf52e5acf2a0138ccdd2c7b336109c9d9db1141?s=96&d=mm&r=g","contentUrl":"https:\/\/secure.gravatar.com\/avatar\/ba3a09fabeb68191dbfa1449edf52e5acf2a0138ccdd2c7b336109c9d9db1141?s=96&d=mm&r=g","caption":"@NS_dEv81"},"sameAs":["https:\/\/www.lagencerie.fr"],"url":"https:\/\/www.lagencerie.fr\/bordeaux\/author\/ns_dev81\/"},{"@type":"PostalAddress","@id":"https:\/\/www.lagencerie.fr\/bordeaux\/2021\/05\/10\/comment-utiliser-les-toits-en-ville-et-disposer-despaces-supplementaires%e2%80%89\/#local-main-place-address","streetAddress":"4, rue Rode","addressLocality":"Bordeaux","postalCode":"33000","addressCountry":"FR"},{"@type":"ImageObject","inLanguage":"fr-FR","@id":"https:\/\/www.lagencerie.fr\/bordeaux\/2021\/05\/10\/comment-utiliser-les-toits-en-ville-et-disposer-despaces-supplementaires%e2%80%89\/#local-main-organization-logo","url":"https:\/\/www.lagencerie.fr\/bordeaux\/wp-content\/uploads\/sites\/2\/2022\/11\/favicon-lagencerie.webp","contentUrl":"https:\/\/www.lagencerie.fr\/bordeaux\/wp-content\/uploads\/sites\/2\/2022\/11\/favicon-lagencerie.webp","width":512,"height":512,"caption":"L'Agencerie - Agence immobili\u00e8re Bordeaux"}]},"geo.placename":"Bordeaux","geo.position":{"lat":"44.852280","long":"-0.571870"},"geo.region":"France"},"_links":{"self":[{"href":"https:\/\/www.lagencerie.fr\/bordeaux\/wp-json\/wp\/v2\/posts\/1271","targetHints":{"allow":["GET"]}}],"collection":[{"href":"https:\/\/www.lagencerie.fr\/bordeaux\/wp-json\/wp\/v2\/posts"}],"about":[{"href":"https:\/\/www.lagencerie.fr\/bordeaux\/wp-json\/wp\/v2\/types\/post"}],"author":[{"embeddable":true,"href":"https:\/\/www.lagencerie.fr\/bordeaux\/wp-json\/wp\/v2\/users\/1"}],"replies":[{"embeddable":true,"href":"https:\/\/www.lagencerie.fr\/bordeaux\/wp-json\/wp\/v2\/comments?post=1271"}],"version-history":[{"count":0,"href":"https:\/\/www.lagencerie.fr\/bordeaux\/wp-json\/wp\/v2\/posts\/1271\/revisions"}],"wp:featuredmedia":[{"embeddable":true,"href":"https:\/\/www.lagencerie.fr\/bordeaux\/wp-json\/wp\/v2\/media\/1274"}],"wp:attachment":[{"href":"https:\/\/www.lagencerie.fr\/bordeaux\/wp-json\/wp\/v2\/media?parent=1271"}],"wp:term":[{"taxonomy":"category","embeddable":true,"href":"https:\/\/www.lagencerie.fr\/bordeaux\/wp-json\/wp\/v2\/categories?post=1271"},{"taxonomy":"post_tag","embeddable":true,"href":"https:\/\/www.lagencerie.fr\/bordeaux\/wp-json\/wp\/v2\/tags?post=1271"}],"curies":[{"name":"wp","href":"https:\/\/api.w.org\/{rel}","templated":true}]}}